{"@context":"https:\/\/schema.org\/","@type":"CollectionPage","@id":"https:\/\/www.orlet.cz\/business\/#CollectionPage","headline":"Business Category","description":"","url":"https:\/\/www.orlet.cz\/business\/","hasPart":[{"@type":"Article","@id":"https:\/\/www.orlet.cz\/co-prinesl-tomas-bata-ceskemu-podnikani\/","headline":"Co p\u0159inesl Tom\u00e1\u0161 Ba\u0165a \u010desk\u00e9mu podnik\u00e1n\u00ed?","url":"https:\/\/www.orlet.cz\/co-prinesl-tomas-bata-ceskemu-podnikani\/","datePublished":"2019-12-02","dateModified":"2023-05-31","mainEntityOfPage":"https:\/\/www.orlet.cz\/co-prinesl-tomas-bata-ceskemu-podnikani\/","author":{"@type":"Person","@id":"https:\/\/www.orlet.cz\/author\/#Person","name":"","url":"https:\/\/www.orlet.cz\/author\/","identifier":1,"image":{"@type":"ImageObject","@id":"https:\/\/secure.gravatar.com\/avatar\/2b882a21216b34ba28e79730eea9356b725e9a0bf9885ae3bedd792ae606fb10?s=96&d=mm&r=g","url":"https:\/\/secure.gravatar.com\/avatar\/2b882a21216b34ba28e79730eea9356b725e9a0bf9885ae3bedd792ae606fb10?s=96&d=mm&r=g","height":96,"width":96}},"publisher":{"@type":"Organization","name":"orlet.cz","logo":{"@type":"ImageObject","@id":"\/logo.png","url":"\/logo.png","width":600,"height":60}},"image":{"@type":"ImageObject","@id":"https:\/\/www.orlet.cz\/wp-content\/uploads\/img_a364258_w4229_t1576935254.jpg","url":"https:\/\/www.orlet.cz\/wp-content\/uploads\/img_a364258_w4229_t1576935254.jpg","height":0,"width":0},"keywords":null},{"@type":"Article","@id":"https:\/\/www.orlet.cz\/jake-doplnky-nesmi-chybet-na-svatbe\/","headline":"Jak\u00e9 dopl\u0148ky nesm\u00ed chyb\u011bt na svatb\u011b?","url":"https:\/\/www.orlet.cz\/jake-doplnky-nesmi-chybet-na-svatbe\/","datePublished":"2019-11-12","dateModified":"2023-05-31","mainEntityOfPage":"https:\/\/www.orlet.cz\/jake-doplnky-nesmi-chybet-na-svatbe\/","author":{"@type":"Person","@id":"https:\/\/www.orlet.cz\/author\/#Person","name":"","url":"https:\/\/www.orlet.cz\/author\/","identifier":1,"image":{"@type":"ImageObject","@id":"https:\/\/secure.gravatar.com\/avatar\/2b882a21216b34ba28e79730eea9356b725e9a0bf9885ae3bedd792ae606fb10?s=96&d=mm&r=g","url":"https:\/\/secure.gravatar.com\/avatar\/2b882a21216b34ba28e79730eea9356b725e9a0bf9885ae3bedd792ae606fb10?s=96&d=mm&r=g","height":96,"width":96}},"publisher":{"@type":"Organization","name":"orlet.cz","logo":{"@type":"ImageObject","@id":"\/logo.png","url":"\/logo.png","width":600,"height":60}},"image":{"@type":"ImageObject","@id":"https:\/\/www.orlet.cz\/wp-content\/uploads\/img_a376685_w4229_t1588237124.jpg","url":"https:\/\/www.orlet.cz\/wp-content\/uploads\/img_a376685_w4229_t1588237124.jpg","height":0,"width":0},"keywords":null},{"@type":"Article","@id":"https:\/\/www.orlet.cz\/reseni-jmenem-pujcka\/","headline":"\u0158e\u0161en\u00ed jm\u00e9nem p\u016fj\u010dka","url":"https:\/\/www.orlet.cz\/reseni-jmenem-pujcka\/","datePublished":"2019-07-03","dateModified":"2023-05-31","mainEntityOfPage":"https:\/\/www.orlet.cz\/reseni-jmenem-pujcka\/","author":{"@type":"Person","@id":"https:\/\/www.orlet.cz\/author\/#Person","name":"","url":"https:\/\/www.orlet.cz\/author\/","identifier":1,"image":{"@type":"ImageObject","@id":"https:\/\/secure.gravatar.com\/avatar\/2b882a21216b34ba28e79730eea9356b725e9a0bf9885ae3bedd792ae606fb10?s=96&d=mm&r=g","url":"https:\/\/secure.gravatar.com\/avatar\/2b882a21216b34ba28e79730eea9356b725e9a0bf9885ae3bedd792ae606fb10?s=96&d=mm&r=g","height":96,"width":96}},"publisher":{"@type":"Organization","name":"orlet.cz","logo":{"@type":"ImageObject","@id":"\/logo.png","url":"\/logo.png","width":600,"height":60}},"image":{"@type":"ImageObject","@id":"https:\/\/www.orlet.cz\/wp-content\/uploads\/img_a354263_w1940_t1568873564.jpg","url":"https:\/\/www.orlet.cz\/wp-content\/uploads\/img_a354263_w1940_t1568873564.jpg","height":0,"width":0},"keywords":null}]}