[{"@context":"https:\/\/schema.org\/","@type":"Article","@id":"https:\/\/www.orlet.cz\/co-prinesl-tomas-bata-ceskemu-podnikani\/#Article","mainEntityOfPage":"https:\/\/www.orlet.cz\/co-prinesl-tomas-bata-ceskemu-podnikani\/","headline":"Co p\u0159inesl Tom\u00e1\u0161 Ba\u0165a \u010desk\u00e9mu podnik\u00e1n\u00ed?","name":"Co p\u0159inesl Tom\u00e1\u0161 Ba\u0165a \u010desk\u00e9mu podnik\u00e1n\u00ed?","description":"Tom\u00e1\u0161 Ba\u0165a se narodil jako t\u0159et\u00ed d\u00edt\u011b do rodiny, kde se \u0161evcovstv\u00ed d\u011bdilo po stalet\u00ed. U\u017e ve 14 letech byl Tom\u00e1\u0161 Ba\u0165a zam\u011bstnan\u00fd ve firm\u011b &hellip; ","datePublished":"2019-12-02","dateModified":"2023-05-31","author":{"@type":"Person","@id":"https:\/\/www.orlet.cz\/author\/#Person","name":"","url":"https:\/\/www.orlet.cz\/author\/","identifier":1,"image":{"@type":"ImageObject","@id":"https:\/\/secure.gravatar.com\/avatar\/2b882a21216b34ba28e79730eea9356b725e9a0bf9885ae3bedd792ae606fb10?s=96&d=mm&r=g","url":"https:\/\/secure.gravatar.com\/avatar\/2b882a21216b34ba28e79730eea9356b725e9a0bf9885ae3bedd792ae606fb10?s=96&d=mm&r=g","height":96,"width":96}},"publisher":{"@type":"Organization","name":"orlet.cz","logo":{"@type":"ImageObject","@id":"\/logo.png","url":"\/logo.png","width":600,"height":60}},"image":{"@type":"ImageObject","@id":"https:\/\/www.orlet.cz\/wp-content\/uploads\/img_a364258_w4229_t1576935254.jpg","url":"https:\/\/www.orlet.cz\/wp-content\/uploads\/img_a364258_w4229_t1576935254.jpg","height":0,"width":0},"url":"https:\/\/www.orlet.cz\/co-prinesl-tomas-bata-ceskemu-podnikani\/","about":["Business"],"wordCount":427,"articleBody":"Tom\u00e1\u0161 Ba\u0165a se narodil jako t\u0159et\u00ed d\u00edt\u011b do rodiny, kde se \u0161evcovstv\u00ed d\u011bdilo po stalet\u00ed. U\u017e ve 14 letech byl Tom\u00e1\u0161 Ba\u0165a zam\u011bstnan\u00fd ve firm\u011b F\u00e4ber, kter\u00e1 vyr\u00e1b\u011bla stroje pro \u0161evce. Jeho spolupracovn\u00edci v\u0161ak brzy pochopili, co se v n\u011bm ukr\u00fdv\u00e1 a kv\u016fli obav\u00e1m z konkurence jej propustili. Tom\u00e1\u0161 Ba\u0165a odjel za svou sestrou do V\u00eddn\u011b a zde se sna\u017eili spole\u010dn\u011b zalo\u017eit vlastn\u00ed \u0161evcovsk\u00fd podnik. Bohu\u017eel jeho prvotn\u00ed podnikatelsk\u00fd po\u010din nevy\u0161el a \u017eivnost zde brzy zkrachovala.&nbsp;Po n\u00e1vratu do Zl\u00edna se rozhodli, \u017ee zalo\u017e\u00ed \u017eivnost zde a spolu s bratrem Anton\u00ednem z\u0159\u00eddili rodinn\u00fd obuvnick\u00fd byznys. Prvn\u00ed boty za\u010dali \u0161\u00edt s deseti d\u011bln\u00edky, kte\u0159\u00ed m\u011bli fixn\u011b stanovenou pracovn\u00ed dobu a plat jim byl vypl\u00e1cen po t\u00fddnu, co\u017e bylo na tehdej\u0161\u00ed dobu velmi neobvykl\u00e9.&nbsp;I tahle firma se od za\u010d\u00e1tku pot\u00fdkala s probl\u00e9my. Tom\u00e1\u0161 Ba\u0165a se v\u0161ak nevzd\u00e1val a ve sv\u00e9 firm\u011b zast\u00e1val ve\u0161ker\u00e9 \u010dinnosti, kter\u00e9 byly pot\u0159eba. Od tah\u00e1n\u00ed t\u011b\u017ek\u00e9ho materi\u00e1lu, p\u0159es obchodov\u00e1n\u00ed a\u017e po tvorbu \u00fa\u010detnictv\u00ed. D\u00edky sv\u00e9 tvrdohlavosti vyt\u00e1hl firmu z dluh\u016f a ta za\u010dala brzy prosperovat.&nbsp;P\u0159\u00ednosy Tom\u00e1\u0161e Bati pro \u010desk\u00fd byznys&nbsp;Existuje v\u016fbec n\u011bkdo, kdo by neznal Ba\u0165ovy ceny zakon\u010den\u00e9 dev\u00edtkou? Z\u0159ejm\u011b ne. Tom\u00e1\u0161 Ba\u0165a tak\u00e9 p\u0159i\u0161el s odli\u0161n\u00fdm p\u0159\u00edstupem k odm\u011b\u0148ov\u00e1n\u00ed zam\u011bstnanc\u016f. Odm\u011b\u0148oval zam\u011bstnance podle v\u00fdkonu samostatn\u00fdch d\u00edlen a motivoval je tak k vy\u0161\u0161\u00edm v\u00fdkon\u016fm. Zam\u011bstnance, kte\u0159\u00ed neodv\u00e1d\u011bli svou pr\u00e1ci dob\u0159e, k\u00e1ral sn\u00ed\u017een\u00edm mzdy. Sv\u00fdch zam\u011bstnanc\u016f si velice v\u00e1\u017eil, ale nem\u011bl nejmen\u0161\u00ed probl\u00e9my se jich zbavit, pokud se mu vzep\u0159eli. Ba\u0165a jako prvn\u00ed p\u0159inesl zam\u011bstnaneck\u00e9 benefity, z\u0159\u00eddil Ba\u0165ovu \u0161kolu pr\u00e1ce, staral se o stravov\u00e1n\u00ed zam\u011bstnanc\u016f, zdravotn\u00ed p\u00e9\u010di a o voln\u00fd \u010das sv\u00fdch zam\u011bstnanc\u016f. Vytvo\u0159il jakousi komunity loaj\u00e1ln\u00edch pracovn\u00edk\u016f, kte\u0159\u00ed mu v\u011b\u0159ili i v t\u011b\u017ek\u00fdch \u010dasech.&nbsp;Je z\u0159ejm\u00e9, \u017ee Tom\u00e1\u0161 Ba\u0165a byl opravdu v\u00fdjime\u010dn\u00fdm podnikatelem sv\u00e9 doby. Nestaral se pouze o zisky sv\u00e9 firmy, ale staral se tak\u00e9 o lidi a sv\u00fdm lidsk\u00fdm p\u0159\u00edstupem se nav\u017edy zapsal do historie podnik\u00e1n\u00ed.                                                                                                                                                                                                                                                                                                                                                                                        4\/5 - (7 votes)        "},{"@context":"https:\/\/schema.org\/","@type":"BreadcrumbList","itemListElement":[{"@type":"ListItem","position":1,"name":"Co p\u0159inesl Tom\u00e1\u0161 Ba\u0165a \u010desk\u00e9mu podnik\u00e1n\u00ed?","item":"https:\/\/www.orlet.cz\/co-prinesl-tomas-bata-ceskemu-podnikani\/#breadcrumbitem"}]}]