[{"@context":"https:\/\/schema.org\/","@type":"Article","@id":"https:\/\/www.orlet.cz\/den-vasi-lasky\/#Article","mainEntityOfPage":"https:\/\/www.orlet.cz\/den-vasi-lasky\/","headline":"Den va\u0161\u00ed l\u00e1sky","name":"Den va\u0161\u00ed l\u00e1sky","description":"Chyst\u00e1te se sv\u00fdm partnerem i vy svatbu a vym\u00fd\u0161let r\u016fzn\u00e9 z\u00e1le\u017eitosti, kter\u00e9 jsou nezbytn\u011b nutn\u00e9? Pokud i vy chcete, aby bylo v\u0161e dokonal\u00e9 a aby &hellip; ","datePublished":"2025-04-23","dateModified":"2025-04-23","author":{"@type":"Person","@id":"https:\/\/www.orlet.cz\/author\/#Person","name":"","url":"https:\/\/www.orlet.cz\/author\/","identifier":1,"image":{"@type":"ImageObject","@id":"https:\/\/secure.gravatar.com\/avatar\/2b882a21216b34ba28e79730eea9356b725e9a0bf9885ae3bedd792ae606fb10?s=96&d=mm&r=g","url":"https:\/\/secure.gravatar.com\/avatar\/2b882a21216b34ba28e79730eea9356b725e9a0bf9885ae3bedd792ae606fb10?s=96&d=mm&r=g","height":96,"width":96}},"publisher":{"@type":"Organization","name":"orlet.cz","logo":{"@type":"ImageObject","@id":"\/logo.png","url":"\/logo.png","width":600,"height":60}},"url":"https:\/\/www.orlet.cz\/den-vasi-lasky\/","wordCount":177,"articleBody":"Chyst\u00e1te se sv\u00fdm partnerem i vy svatbu a vym\u00fd\u0161let r\u016fzn\u00e9 z\u00e1le\u017eitosti, kter\u00e9 jsou nezbytn\u011b nutn\u00e9? Pokud i vy chcete, aby bylo v\u0161e dokonal\u00e9 a aby byl cel\u00fd tento ob\u0159ad co nejhez\u010d\u00ed, tak nepodce\u0148te \u017e\u00e1dnou drobnost. Velmi d\u016fle\u017eit\u00fdm prvkem je pr\u00e1v\u011b svatebn\u00ed ozn\u00e1men\u00ed, kter\u00e9 byste m\u011bli poslat v\u0161em bl\u00edzk\u00fdm, rodin\u011b, p\u0159\u00e1tel\u016fm a zkr\u00e1tka naprosto v\u0161em, kter\u00e9 chcete pozvat na tento v\u00fdznamn\u00fd den, kdy si se sv\u00fdm partnerem stvrd\u00edte spole\u010dnou l\u00e1sku. Vyberte si vlastn\u00ed vzhled Je jen na v\u00e1s, jak bude v\u00fdsledn\u00e9 ozn\u00e1men\u00ed vypadat. M\u016f\u017eete si vybrat z mnoha r\u016fzn\u00fdch p\u0159edp\u0159ipraven\u00fdch motiv\u016f anebo si rovnou navrhnout n\u011bco sv\u00e9ho, n\u011bco, co bude skute\u010dn\u011b origin\u00e1ln\u00ed a skv\u011ble vystihuj\u00edc\u00ed. Nev\u00e1hejte tedy ani vy a investujte sv\u00e9 pen\u00edze do t\u00e9to skv\u011bl\u00e9 z\u00e1le\u017eitosti, prost\u0159ednictv\u00edm kter\u00e9 pozvete v\u0161echny na tento v\u00fdznamn\u00fd den.                                                                                                                                                                                                                                                                                                                                                                                                "},{"@context":"https:\/\/schema.org\/","@type":"BreadcrumbList","itemListElement":[{"@type":"ListItem","position":1,"name":"Den va\u0161\u00ed l\u00e1sky","item":"https:\/\/www.orlet.cz\/den-vasi-lasky\/#breadcrumbitem"}]}]