[{"@context":"https:\/\/schema.org\/","@type":"Article","@id":"https:\/\/www.orlet.cz\/na-hory-za-solidni-ceny\/#Article","mainEntityOfPage":"https:\/\/www.orlet.cz\/na-hory-za-solidni-ceny\/","headline":"Na hory za solidn\u00ed ceny","name":"Na hory za solidn\u00ed ceny","description":"Kalend\u00e1\u0159n\u00ed rok se p\u0159ehoupnul do sv\u00e9 z\u00e1v\u011bre\u010dn\u00e9 etapy, co\u017e otv\u00edr\u00e1 ot\u00e1zku, zda se v\u00e1m letos poda\u0159\u00ed dostat n\u011bkam na zimn\u00ed dovolenou na hory. Ide\u00e1ln\u00ed m\u00edsto &hellip; ","datePublished":"2022-09-18","dateModified":"2023-05-31","author":{"@type":"Person","@id":"https:\/\/www.orlet.cz\/author\/#Person","name":"","url":"https:\/\/www.orlet.cz\/author\/","identifier":1,"image":{"@type":"ImageObject","@id":"https:\/\/secure.gravatar.com\/avatar\/2b882a21216b34ba28e79730eea9356b725e9a0bf9885ae3bedd792ae606fb10?s=96&d=mm&r=g","url":"https:\/\/secure.gravatar.com\/avatar\/2b882a21216b34ba28e79730eea9356b725e9a0bf9885ae3bedd792ae606fb10?s=96&d=mm&r=g","height":96,"width":96}},"publisher":{"@type":"Organization","name":"orlet.cz","logo":{"@type":"ImageObject","@id":"\/logo.png","url":"\/logo.png","width":600,"height":60}},"image":{"@type":"ImageObject","@id":"https:\/\/www.orlet.cz\/wp-content\/uploads\/lyze_1.jpg","url":"https:\/\/www.orlet.cz\/wp-content\/uploads\/lyze_1.jpg","height":0,"width":0},"url":"https:\/\/www.orlet.cz\/na-hory-za-solidni-ceny\/","about":["Business"],"wordCount":422,"articleBody":"      Kalend\u00e1\u0159n\u00ed rok se p\u0159ehoupnul do sv\u00e9 z\u00e1v\u011bre\u010dn\u00e9 etapy, co\u017e otv\u00edr\u00e1 ot\u00e1zku, zda se v\u00e1m letos poda\u0159\u00ed dostat n\u011bkam na zimn\u00ed dovolenou na hory. Ide\u00e1ln\u00ed m\u00edsto by bylo, kde by se postarali o va\u0161e d\u011bti a vy jste m\u011bli \u0161irok\u00e9 mo\u017enosti vy\u017eit\u00ed oba s man\u017eelem nebo man\u017eelkou. A z\u00e1rove\u0148 chcete pozn\u00e1vat doposud nepoznan\u00e9 a chcete vyrazit do nov\u00e9ho prost\u0159ed\u00ed za dobrodru\u017estv\u00edmi? Poje\u010fte do malebn\u00fdch Orlick\u00fdch hor, kde za\u017eijete  http:\/\/trilopark.eu\/o-triloparku\/co-u-nas-zazijete nev\u0161edn\u00ed z\u00e1\u017eitky v pln\u011b vybaven\u00e9m ly\u017ea\u0159sk\u00e9m are\u00e1lu.Posledn\u00ed roky, kdy nenad\u00e1le zas\u00e1hlo do dovolen\u00fdch koronavirov\u00e9 onemocn\u011bn\u00ed, se t\u00e1hly ve znamen\u00ed toho, \u017ee jsme si rad\u011bji nerezervovali ani neplatili p\u0159ed\u010dasn\u011b \u017e\u00e1dn\u00e9 dovolen\u00e9, proto\u017ee jsme nev\u011bd\u011bli, co bylo. V sou\u010dasn\u00e9 dob\u011b jsou ale lid\u00e9 v\u00edce informovan\u00ed, maj\u00ed dostupn\u011bj\u0161\u00ed informace a celkov\u011b u\u017e si s t\u00edm dok\u00e1\u017eeme poradit r\u016fzn\u00fdmi opat\u0159en\u00edmi a tak d\u00e1le. To znamen\u00e1 jen to nejlep\u0161\u00ed pro na\u0161e zapr\u00e1\u0161en\u00e9 ly\u017ea\u0159sk\u00e9 vybaven\u00ed a toti\u017e, \u017ee bude moci b\u00fdt leto\u0161n\u00ed zimu vyt\u00e1hnuto. Je nejvy\u0161\u0161\u00ed \u010das rezervovat si zimn\u00ed dovolenou a t\u0159eba i koupit skipasy pro celou rodinu. Ve skiare\u00e1lu Bukov\u00e1 hora v Orlick\u00fdch hor\u00e1ch toho m\u016f\u017eete pr\u00e1v\u011b nyn\u00ed vyu\u017e\u00edt.Resort Doln\u00ed Morava skibukovka.cz nab\u00edz\u00ed celkem p\u011bt kvalitn\u00edch sjezdovek, kvalitn\u00ed vyh\u0159\u00edvan\u00e9 lanovky, kter\u00e9 v\u00e1s ochr\u00e1n\u00ed p\u0159ed nep\u0159\u00edzniv\u00fdmi vlivy po\u010das\u00ed, snow park, kde si u\u017eij\u00ed milovn\u00edci j\u00edzdy na snowboardu a dal\u0161\u00ed skv\u011bl\u00e1 m\u00edsta, kde si ka\u017ed\u00fd najde to sv\u00e9. Samoz\u0159ejmost\u00ed jsou i b\u011b\u017eka\u0159sk\u00e9 trat\u011b, na kter\u00e9 t\u0159eba vyraz\u00edte, a\u017e d\u00e1te va\u0161e d\u011bti do ly\u017ea\u0159sk\u00e9 \u0161koly, kde se nau\u010d\u00ed sj\u00ed\u017ed\u011bt kopec a budou tak pln\u011b p\u0159ipraveni na budouc\u00ed ly\u017ea\u0159sk\u00e9 kurzy, kter\u00e9 je \u010dekaj\u00ed se \u0161kolou. Do ski resortu na Bukov\u00e9 ho\u0159e nemus\u00edte vyr\u00e1\u017eet jenom v zim\u011b, ale i v letn\u00edm obdob\u00ed se zde d\u00e1 tr\u00e1vit par\u00e1dn\u00ed dovolen\u00e1 pln\u00e1 nev\u0161edn\u00edch z\u00e1\u017eitk\u016f, jako je nap\u0159\u00edklad j\u00edzda na horsk\u00fdch kolob\u011b\u017ek\u00e1ch nebo na horsk\u00fdch t\u0159\u00edkolov\u00fdch k\u00e1r\u00e1ch. U\u017eij\u00ed si dosp\u011bl\u00ed i d\u011bti bez rozd\u00edlu!                                                                                                                                                                                                                                                                                                                                                                                           4.1\/5 - (8 votes)        "},{"@context":"https:\/\/schema.org\/","@type":"BreadcrumbList","itemListElement":[{"@type":"ListItem","position":1,"name":"Na hory za solidn\u00ed ceny","item":"https:\/\/www.orlet.cz\/na-hory-za-solidni-ceny\/#breadcrumbitem"}]}]