[{"@context":"https:\/\/schema.org\/","@type":"Article","@id":"https:\/\/www.orlet.cz\/povleceni\/#Article","mainEntityOfPage":"https:\/\/www.orlet.cz\/povleceni\/","headline":"Povle\u010den\u00ed","name":"Povle\u010den\u00ed","description":"Sna\u017e\u00edme se, aby ve\u0161ker\u00e9 zbo\u017e\u00ed v nab\u00eddce ud\u011blalo radost a pop\u00edchlo ke kreativit\u011b zejm\u00e9na na\u0161e z\u00e1kaznice a v\u0161echny na\u0161e n\u00e1v\u0161t\u011bvn\u00edky. Design lo\u017enice, d\u011btsk\u00fdch i hostinsk\u00fdch &hellip; ","datePublished":"2025-03-06","dateModified":"2025-03-06","author":{"@type":"Person","@id":"https:\/\/www.orlet.cz\/author\/#Person","name":"","url":"https:\/\/www.orlet.cz\/author\/","identifier":1,"image":{"@type":"ImageObject","@id":"https:\/\/secure.gravatar.com\/avatar\/2b882a21216b34ba28e79730eea9356b725e9a0bf9885ae3bedd792ae606fb10?s=96&d=mm&r=g","url":"https:\/\/secure.gravatar.com\/avatar\/2b882a21216b34ba28e79730eea9356b725e9a0bf9885ae3bedd792ae606fb10?s=96&d=mm&r=g","height":96,"width":96}},"publisher":{"@type":"Organization","name":"orlet.cz","logo":{"@type":"ImageObject","@id":"\/logo.png","url":"\/logo.png","width":600,"height":60}},"url":"https:\/\/www.orlet.cz\/povleceni\/","wordCount":193,"articleBody":"Sna\u017e\u00edme se, aby ve\u0161ker\u00e9 zbo\u017e\u00ed v nab\u00eddce ud\u011blalo radost a pop\u00edchlo ke kreativit\u011b zejm\u00e9na na\u0161e z\u00e1kaznice a v\u0161echny na\u0161e n\u00e1v\u0161t\u011bvn\u00edky. Design lo\u017enice, d\u011btsk\u00fdch i hostinsk\u00fdch pokoj\u016f d\u011bl\u00e1 povle\u010den\u00ed a l\u016f\u017ekoviny, barvy materi\u00e1l i kreace dopl\u0148k\u016f.P\u0159in\u00e1\u0161\u00edme sortiment obl\u00edben\u00fdch tradi\u010dn\u00edch firem, l\u00e9ta zaveden\u00fdch na trhu a obl\u00edben\u00fdch svou prvot\u0159\u00eddn\u00ed kvalitou. Je to pro lo\u017en\u00ed pr\u00e1dlo a povle\u010den\u00ed to hlavn\u00ed, lo\u017enici si chcete ud\u011blat pro sv\u00e9 intimn\u00ed soukrom\u00ed. Vyla\u010fte si l\u016f\u017ekoviny s dekami a pol\u0161t\u00e1\u0159i ve stejn\u00e9 barv\u011b i materi\u00e1lu na letn\u00ed a zimn\u00ed obdob\u00ed.Klasika i extravaganceBudeme r\u00e1di, pokud V\u00e1m budeme moci poradit. Styl povle\u010den\u00ed a styl n\u00e1bytku je um\u011bleck\u00e1 pr\u00e1ce, kdy\u017e se poda\u0159\u00ed budete se opravdu c\u00edtit dob\u0159e ka\u017ed\u00e9 r\u00e1no i ve\u010der. Kombinace dvou \u010di nab\u00eddka kompletn\u00edch set\u016f je cenov\u011b velmi v\u00fdhodn\u00e1 a s bonusy st\u00e1l\u00fdm z\u00e1kazn\u00edk\u016fm.                                                                                                                                                                                                                                                                                                                                                                                        1\/5 - (1 vote)        "},{"@context":"https:\/\/schema.org\/","@type":"BreadcrumbList","itemListElement":[{"@type":"ListItem","position":1,"name":"Povle\u010den\u00ed","item":"https:\/\/www.orlet.cz\/povleceni\/#breadcrumbitem"}]}]